{"id":2371,"date":"2026-09-06T14:16:07","date_gmt":"2026-09-06T14:16:07","guid":{"rendered":"https:\/\/ultima-ora.com\/?p=2371"},"modified":"2026-09-06T14:16:07","modified_gmt":"2026-09-06T14:16:07","slug":"ederson-niente-alibi-si-va-avanti","status":"publish","type":"post","link":"https:\/\/ultima-ora.com\/?p=2371","title":{"rendered":"EDERSON: &#8220;NIENTE ALIBI, SI VA AVANTI&#8221;"},"content":{"rendered":"<p>&#8220;Non \u00e8 il risultato che volevamo, per\u00f2 \u00e8 proprio ora che dobbiamo essere ancora pi\u00f9 uniti. Niente alibi, si corregge e si va avanti. Sempre insieme&#8221;.E&#8217; questo il messaggio che il capitano della formazione nerazzurra Ederson ha lanciato, attraverso i suoi social, dopo l&#8217;amara sconfitta subita nel finale con la Roma all&#8217;Olimpico.<br \/>\nDopo tre vittorie consecutive, ottenute tra il campionato e la Conference League, dunque, arriva la prima sconfitta per Maurizio Sarri sulla panchina della squadra orobica, che da luned\u00ec inizier\u00e0 a pensare al Cagliari.<br \/>\n 260Altri Sport 299Brevi Sport<\/p>\n","protected":false},"excerpt":{"rendered":"<p>&#8220;Non \u00e8 il risultato che volevamo, per\u00f2 \u00e8 proprio ora che dobbiamo essere ancora pi\u00f9 uniti. Niente alibi, si corregge e si va avanti. Sempre insieme&#8221;.E&#8217; questo il messaggio che il capitano della formazione nerazzurra Ederson ha lanciato, attraverso i suoi social, dopo l&#8217;amara sconfitta subita nel finale con la Roma all&#8217;Olimpico. Dopo tre vittorie [&hellip;]<\/p>\n","protected":false},"author":2,"featured_media":0,"comment_status":"closed","ping_status":"open","sticky":false,"template":"","format":"standard","meta":{"_jetpack_newsletter_access":"","_jetpack_dont_email_post_to_subs":false,"_jetpack_newsletter_tier_id":0,"_jetpack_memberships_contains_paywalled_content":false,"fifu_image_url":"","fifu_image_alt":"","_jetpack_feature_clip_id":0,"_jetpack_memberships_contains_paid_content":false,"footnotes":"","jetpack_publicize_message":"","jetpack_publicize_feature_enabled":true,"jetpack_social_post_already_shared":true,"jetpack_social_options":{"image_generator_settings":{"template":"highway","default_image_id":0,"font":"","enabled":false},"version":2},"jetpack_post_was_ever_published":false},"categories":[8],"tags":[9],"class_list":["post-2371","post","type-post","status-publish","format-standard","hentry","category-notizie-di-calcio","tag-calcio"],"jetpack_publicize_connections":[],"jetpack_sharing_enabled":true,"jetpack_likes_enabled":true,"jetpack_featured_media_url":"","_links":{"self":[{"href":"https:\/\/ultima-ora.com\/index.php?rest_route=\/wp\/v2\/posts\/2371","targetHints":{"allow":["GET"]}}],"collection":[{"href":"https:\/\/ultima-ora.com\/index.php?rest_route=\/wp\/v2\/posts"}],"about":[{"href":"https:\/\/ultima-ora.com\/index.php?rest_route=\/wp\/v2\/types\/post"}],"author":[{"embeddable":true,"href":"https:\/\/ultima-ora.com\/index.php?rest_route=\/wp\/v2\/users\/2"}],"replies":[{"embeddable":true,"href":"https:\/\/ultima-ora.com\/index.php?rest_route=%2Fwp%2Fv2%2Fcomments&post=2371"}],"version-history":[{"count":0,"href":"https:\/\/ultima-ora.com\/index.php?rest_route=\/wp\/v2\/posts\/2371\/revisions"}],"wp:attachment":[{"href":"https:\/\/ultima-ora.com\/index.php?rest_route=%2Fwp%2Fv2%2Fmedia&parent=2371"}],"wp:term":[{"taxonomy":"category","embeddable":true,"href":"https:\/\/ultima-ora.com\/index.php?rest_route=%2Fwp%2Fv2%2Fcategories&post=2371"},{"taxonomy":"post_tag","embeddable":true,"href":"https:\/\/ultima-ora.com\/index.php?rest_route=%2Fwp%2Fv2%2Ftags&post=2371"}],"curies":[{"name":"wp","href":"https:\/\/api.w.org\/{rel}","templated":true}]}}