{"id":2372,"date":"2026-09-06T14:16:07","date_gmt":"2026-09-06T14:16:07","guid":{"rendered":"https:\/\/ultima-ora.com\/?p=2372"},"modified":"2026-09-06T14:16:07","modified_gmt":"2026-09-06T14:16:07","slug":"lunedi-la-ripresa-del-lavoro","status":"publish","type":"post","link":"https:\/\/ultima-ora.com\/?p=2372","title":{"rendered":"LUNEDI&#8217; LA RIPRESA DEL LAVORO"},"content":{"rendered":"<p>Archiviata la sconfitta rimediata contro il Como e la sessione di scarico di sabato, la compagine rossobl\u00f9 ha beneficiato di un giorno di riposo concesso da mister Daniele De Rossi. La ripersa degli allenamenti \u00e8 fissata per luned\u00ec, quando i liguri cominceranno la preparazione del prossimo delicato match con il Frosinone, in calendario sabato pomeriggio al Ferraris.<br \/>\nL&#8217;allenatore rossobl\u00f9 dovr\u00e0 valutare le condizioni di Elias Havel, che continua a svolgere un iter personalizzato post infortunio: il centravanti spera di poter strappare una convocazione.<br \/>\n Ultima Ora Calcio<\/p>\n","protected":false},"excerpt":{"rendered":"<p>Archiviata la sconfitta rimediata contro il Como e la sessione di scarico di sabato, la compagine rossobl\u00f9 ha beneficiato di un giorno di riposo concesso da mister Daniele De Rossi. La ripersa degli allenamenti \u00e8 fissata per luned\u00ec, quando i liguri cominceranno la preparazione del prossimo delicato match con il Frosinone, in calendario sabato pomeriggio [&hellip;]<\/p>\n","protected":false},"author":2,"featured_media":0,"comment_status":"closed","ping_status":"open","sticky":false,"template":"","format":"standard","meta":{"_jetpack_newsletter_access":"","_jetpack_dont_email_post_to_subs":false,"_jetpack_newsletter_tier_id":0,"_jetpack_memberships_contains_paywalled_content":false,"fifu_image_url":"","fifu_image_alt":"","_jetpack_feature_clip_id":0,"_jetpack_memberships_contains_paid_content":false,"footnotes":"","jetpack_publicize_message":"","jetpack_publicize_feature_enabled":true,"jetpack_social_post_already_shared":true,"jetpack_social_options":{"image_generator_settings":{"template":"highway","default_image_id":0,"font":"","enabled":false},"version":2},"jetpack_post_was_ever_published":false},"categories":[8],"tags":[9],"class_list":["post-2372","post","type-post","status-publish","format-standard","hentry","category-notizie-di-calcio","tag-calcio"],"jetpack_publicize_connections":[],"jetpack_sharing_enabled":true,"jetpack_likes_enabled":true,"jetpack_featured_media_url":"","_links":{"self":[{"href":"https:\/\/ultima-ora.com\/index.php?rest_route=\/wp\/v2\/posts\/2372","targetHints":{"allow":["GET"]}}],"collection":[{"href":"https:\/\/ultima-ora.com\/index.php?rest_route=\/wp\/v2\/posts"}],"about":[{"href":"https:\/\/ultima-ora.com\/index.php?rest_route=\/wp\/v2\/types\/post"}],"author":[{"embeddable":true,"href":"https:\/\/ultima-ora.com\/index.php?rest_route=\/wp\/v2\/users\/2"}],"replies":[{"embeddable":true,"href":"https:\/\/ultima-ora.com\/index.php?rest_route=%2Fwp%2Fv2%2Fcomments&post=2372"}],"version-history":[{"count":0,"href":"https:\/\/ultima-ora.com\/index.php?rest_route=\/wp\/v2\/posts\/2372\/revisions"}],"wp:attachment":[{"href":"https:\/\/ultima-ora.com\/index.php?rest_route=%2Fwp%2Fv2%2Fmedia&parent=2372"}],"wp:term":[{"taxonomy":"category","embeddable":true,"href":"https:\/\/ultima-ora.com\/index.php?rest_route=%2Fwp%2Fv2%2Fcategories&post=2372"},{"taxonomy":"post_tag","embeddable":true,"href":"https:\/\/ultima-ora.com\/index.php?rest_route=%2Fwp%2Fv2%2Ftags&post=2372"}],"curies":[{"name":"wp","href":"https:\/\/api.w.org\/{rel}","templated":true}]}}