{"id":2392,"date":"2026-09-06T18:06:06","date_gmt":"2026-09-06T18:06:06","guid":{"rendered":"https:\/\/ultima-ora.com\/?p=2392"},"modified":"2026-09-06T18:06:06","modified_gmt":"2026-09-06T18:06:06","slug":"erc-pirelli-e-suninen-campioni-con-un-appuntamento-danticipo","status":"publish","type":"post","link":"https:\/\/ultima-ora.com\/?p=2392","title":{"rendered":"ERC, Pirelli e Suninen campioni con un appuntamento d\u2019anticipo"},"content":{"rendered":"<p>ROMA Ultima Ora \/ IPA \u2013 Pirelli conquista con un appuntamento d\u2019anticipo il titolo piloti e quello riservato ai produttori di pneumatici del FIA European Rally Championship 2026. Teemu Suninen si \u00e8 laureato campione europeo grazie al secondo posto nel Rali Ceredigion e alla vittoria nella Power Stage. Il quarto posto di Max McRae, al volante di una Skoda Fabia RS Rally2, ha inoltre assicurato a Pirelli i punti necessari per conquistare matematicamente il secondo titolo consecutivo tra i produttori. Primo tra i concorrenti del British Rally Championship, McRae \u00e8 passato anche in testa alla serie britannica a una gara dal termine. Suninen, affiancato da Antti Haapala sulla \u00e8koda Fabia RS Rally2, ha preso il comando nelle prove notturne del venerd\u00ec e concluso la prima giornata in testa. Successivamente si \u00e8 mantenuto nelle posizioni di vertice, gestendo una gara resa particolarmente impegnativa dalla pioggia caduta su alcune prove e dai continui cambiamenti di aderenza. Il finlandese ha chiuso al secondo posto e sigillato il titolo imponendosi nella Power Stage conclusiva, rendendo incolmabile il vantaggio nella classifica generale su Andrea Mabellini, al volante della Lancia Ypsilon Rally2 HF Integrale equipaggiata con pneumatici Pirelli, suo diretto rivale nella corsa al titolo. Il successo di Suninen corona una stagione costruita sulla continuit\u00e0 e sulla capacit\u00e0 di essere competitivo su superfici e percorsi molto diversi. Il finlandese ha ottenuto la sua prima vittoria nell\u2019ERC al Rally di Polonia e tre secondi posti al Rally di Roma Capitale, al Barum Czech Rally Zl\u00edn e in Galles.<br \/>\nPer Pirelli, campione in carica, il secondo titolo consecutivo nella classifica dei produttori di pneumatici arriva al termine di una stagione disputata su superfici differenti, dall\u2019asfalto alla terra, ma quasi sempre con temperature elevate. I suoi piloti hanno conquistato tre vittorie nei primi quattro appuntamenti e raccolto punti decisivi lungo tutto il campionato. A questo bilancio si aggiungono i successi di Ville Vatanen, che oltre al Fiesta Rally3 Trophy vinto al Barum, in Galles si \u00e8 laureato campione ERC3 al volante di una Ford Fiesta Rally3. La conquista del trofeo gli permetter\u00e0 di debuttare nell\u2019ultimo appuntamento stagionale in Portogallo con una Ford Fiesta Rally2, grazie al premio messo in palio da Pirelli e M-Sport. \u201cConquistare il titolo con una gara d\u2019anticipo \u00e8 un risultato di grande valore \u2013 ha commentato Terenzio Testoni, Pirelli rally activity manager \u2013 Suninen ha disputato una stagione estremamente solida, unendo velocit\u00e0, regolarit\u00e0 e capacit\u00e0 di gestione, come ha dimostrato anche qui in Galles. I risultati ottenuti da lui, da Andrea Mabellini e da tutti i nostri piloti ci hanno permesso di confermarci campioni tra i produttori di pneumatici. Questi risultati, uniti a quelli di Vatanen, premiano il lavoro svolto durante tutto l\u2019anno da una squadra affiatata e appassionata e l\u2019impegno nella continua innovazione dei nostri prodotti, capaci di garantire prestazioni e affidabilit\u00e0 a vetture di costruttori diversi e su superfici molto differenti\u201d.<br \/>\nFonte: IPA<br \/>\nUltima Ora \/ IPA.<\/p>\n","protected":false},"excerpt":{"rendered":"<p>ROMA Ultima Ora \/ IPA \u2013 Pirelli conquista con un appuntamento d\u2019anticipo il titolo piloti e quello riservato ai produttori di pneumatici del FIA European Rally Championship 2026. Teemu Suninen si \u00e8 laureato campione europeo grazie al secondo posto nel Rali Ceredigion e alla vittoria nella Power Stage. Il quarto posto di Max McRae, al [&hellip;]<\/p>\n","protected":false},"author":1,"featured_media":0,"comment_status":"closed","ping_status":"open","sticky":false,"template":"","format":"standard","meta":{"_jetpack_newsletter_access":"","_jetpack_dont_email_post_to_subs":false,"_jetpack_newsletter_tier_id":0,"_jetpack_memberships_contains_paywalled_content":false,"fifu_image_url":"","fifu_image_alt":"","_jetpack_feature_clip_id":0,"_jetpack_memberships_contains_paid_content":false,"footnotes":"","jetpack_publicize_message":"","jetpack_publicize_feature_enabled":true,"jetpack_social_post_already_shared":true,"jetpack_social_options":{"image_generator_settings":{"template":"highway","default_image_id":0,"font":"","enabled":false},"version":2},"jetpack_post_was_ever_published":false},"categories":[5],"tags":[14],"class_list":["post-2392","post","type-post","status-publish","format-standard","hentry","category-ultime-notizie","tag-ultime"],"jetpack_publicize_connections":[],"jetpack_sharing_enabled":true,"jetpack_likes_enabled":true,"jetpack_featured_media_url":"","_links":{"self":[{"href":"https:\/\/ultima-ora.com\/index.php?rest_route=\/wp\/v2\/posts\/2392","targetHints":{"allow":["GET"]}}],"collection":[{"href":"https:\/\/ultima-ora.com\/index.php?rest_route=\/wp\/v2\/posts"}],"about":[{"href":"https:\/\/ultima-ora.com\/index.php?rest_route=\/wp\/v2\/types\/post"}],"author":[{"embeddable":true,"href":"https:\/\/ultima-ora.com\/index.php?rest_route=\/wp\/v2\/users\/1"}],"replies":[{"embeddable":true,"href":"https:\/\/ultima-ora.com\/index.php?rest_route=%2Fwp%2Fv2%2Fcomments&post=2392"}],"version-history":[{"count":0,"href":"https:\/\/ultima-ora.com\/index.php?rest_route=\/wp\/v2\/posts\/2392\/revisions"}],"wp:attachment":[{"href":"https:\/\/ultima-ora.com\/index.php?rest_route=%2Fwp%2Fv2%2Fmedia&parent=2392"}],"wp:term":[{"taxonomy":"category","embeddable":true,"href":"https:\/\/ultima-ora.com\/index.php?rest_route=%2Fwp%2Fv2%2Fcategories&post=2392"},{"taxonomy":"post_tag","embeddable":true,"href":"https:\/\/ultima-ora.com\/index.php?rest_route=%2Fwp%2Fv2%2Ftags&post=2392"}],"curies":[{"name":"wp","href":"https:\/\/api.w.org\/{rel}","templated":true}]}}