{"id":2394,"date":"2026-09-06T18:11:05","date_gmt":"2026-09-06T18:11:05","guid":{"rendered":"https:\/\/ultima-ora.com\/?p=2394"},"modified":"2026-09-06T18:11:05","modified_gmt":"2026-09-06T18:11:05","slug":"laddio-a-maria-spinelli-a-citta-santangelo-vittima-di-un-uso-della-liberta-sbagliata","status":"publish","type":"post","link":"https:\/\/ultima-ora.com\/?p=2394","title":{"rendered":"L&#8217;addio a Maria Spinelli a Citt\u00e0 Sant&#8217;Angelo: &#8220;Vittima di un uso della libert\u00e0 sbagliata&#8221;"},"content":{"rendered":"<p>Ultima Ora &#8211;\u00a0Una carrozza trainata da sei cavalli ha atteso fuori dalla Collegiata di San Michele Arcangelo, a Citt\u00e0 Sant&#8217;Angelo (Pescara), il feretro di Maria Spinelli, la giovane abruzzese di 22 anni uccisa\u00a0in una sparatoria al rave party di Aarau, in Svizzera.<br \/>\nAll&#8217;uscita dalla Chiesa il feretro \u00e8 stato accolto da applausi, musica techno, fumogeni e palloncini bianchi, fatti poi volare in cielo. Gli amici e le amiche della ragazza indossavano una t-shirt con la foto di Maria. In centinaia hanno partecipato al funerale. Presente anche il sindaco della citt\u00e0 angolana, Matteo Perazzetti.<br \/>\nIl corteo e le parole del sindaco<br \/>\n\u00a0Un lungo corteo funebre ha poi scortato la carrozza lungo il corso di Citt\u00e0 Sant&#8217;Angelo. &#8220;Quello di oggi &#8211; ha detto il sindaco Perazzetti &#8211; \u00e8 il giorno in cui riaccogliamo Maria tra le nostre braccia e nella nostra comunit\u00e0. In questo giorno tristissimo diamo il commiato a questa ragazza a cui \u00e8 stata strappata la vita a soli 22 anni&#8221;.<br \/>\nL&#8217;omelia di don Lorenzo Di Domenico<br \/>\n&#8220;Maria \u00e8 stata vittima di un uso della libert\u00e0 sbagliata, di una libert\u00e0 intesa come fare quello che ci pare, non curanti delle conseguenze che tali azioni hanno sull&#8217;altro&#8221;. Sono le parole di don Lorenzo Di Domenico pronunciate nell&#8217;omelia ai funerali di Maria Spinelli.<br \/>\nDon Lorenzo ha poi sottolineato la vita che Maria ha vissuto e del suo uso giusto della libert\u00e0 &#8220;che ci \u00e8 stata data per aiutare e sollevare gli altri nelle difficolt\u00e0. Maria, anche se non \u00e8 fisicamente con noi, lascia un modo di vivere la libert\u00e0, un modo di vivere la vita che deve contagiare &#8211; ha aggiunto don Lorenzo &#8211; Lo spirito che abbiamo conosciuto in Maria ci viene restituito affinch\u00e9 possiamo continuare la vita con lo stesso coraggio di Maria, quel coraggio di usare la libert\u00e0 per costruirsi un futuro. Chiediamo allora al Signore di continuare il cammino della nostra vita guardando a Maria affinch\u00e9 possiamo continuare a vivere la vita con lo stesso coraggio, con lo stesso desiderio di usare la libert\u00e0 per costruirci un futuro per il bene delle persone che ci mette accanto&#8221;.<\/p>\n","protected":false},"excerpt":{"rendered":"<p>Ultima Ora &#8211;\u00a0Una carrozza trainata da sei cavalli ha atteso fuori dalla Collegiata di San Michele Arcangelo, a Citt\u00e0 Sant&#8217;Angelo (Pescara), il feretro di Maria Spinelli, la giovane abruzzese di 22 anni uccisa\u00a0in una sparatoria al rave party di Aarau, in Svizzera. All&#8217;uscita dalla Chiesa il feretro \u00e8 stato accolto da applausi, musica techno, fumogeni [&hellip;]<\/p>\n","protected":false},"author":2,"featured_media":0,"comment_status":"closed","ping_status":"open","sticky":false,"template":"","format":"standard","meta":{"_jetpack_newsletter_access":"","_jetpack_dont_email_post_to_subs":false,"_jetpack_newsletter_tier_id":0,"_jetpack_memberships_contains_paywalled_content":false,"fifu_image_url":"","fifu_image_alt":"","_jetpack_feature_clip_id":0,"_jetpack_memberships_contains_paid_content":false,"footnotes":"","jetpack_publicize_message":"","jetpack_publicize_feature_enabled":true,"jetpack_social_post_already_shared":true,"jetpack_social_options":{"image_generator_settings":{"template":"highway","default_image_id":0,"font":"","enabled":false},"version":2},"jetpack_post_was_ever_published":false},"categories":[7],"tags":[16],"class_list":["post-2394","post","type-post","status-publish","format-standard","hentry","category-notizie-italia","tag-italia"],"jetpack_publicize_connections":[],"jetpack_sharing_enabled":true,"jetpack_likes_enabled":true,"jetpack_featured_media_url":"","_links":{"self":[{"href":"https:\/\/ultima-ora.com\/index.php?rest_route=\/wp\/v2\/posts\/2394","targetHints":{"allow":["GET"]}}],"collection":[{"href":"https:\/\/ultima-ora.com\/index.php?rest_route=\/wp\/v2\/posts"}],"about":[{"href":"https:\/\/ultima-ora.com\/index.php?rest_route=\/wp\/v2\/types\/post"}],"author":[{"embeddable":true,"href":"https:\/\/ultima-ora.com\/index.php?rest_route=\/wp\/v2\/users\/2"}],"replies":[{"embeddable":true,"href":"https:\/\/ultima-ora.com\/index.php?rest_route=%2Fwp%2Fv2%2Fcomments&post=2394"}],"version-history":[{"count":0,"href":"https:\/\/ultima-ora.com\/index.php?rest_route=\/wp\/v2\/posts\/2394\/revisions"}],"wp:attachment":[{"href":"https:\/\/ultima-ora.com\/index.php?rest_route=%2Fwp%2Fv2%2Fmedia&parent=2394"}],"wp:term":[{"taxonomy":"category","embeddable":true,"href":"https:\/\/ultima-ora.com\/index.php?rest_route=%2Fwp%2Fv2%2Fcategories&post=2394"},{"taxonomy":"post_tag","embeddable":true,"href":"https:\/\/ultima-ora.com\/index.php?rest_route=%2Fwp%2Fv2%2Ftags&post=2394"}],"curies":[{"name":"wp","href":"https:\/\/api.w.org\/{rel}","templated":true}]}}